{"id":295,"date":"2021-08-10T18:28:03","date_gmt":"2021-08-10T16:28:03","guid":{"rendered":"https:\/\/graine-de-loute.ovh\/?p=295"},"modified":"2021-08-11T11:42:35","modified_gmt":"2021-08-11T09:42:35","slug":"je-taime-maman","status":"publish","type":"post","link":"https:\/\/graine-de-loute.ovh\/index.php\/2021\/08\/10\/je-taime-maman\/","title":{"rendered":"Je t&rsquo;aime maman"},"content":{"rendered":"\n<p class=\"has-text-align-center\">Tu me soutiens et me prot\u00e8ges<\/p>\n\n\n\n<p class=\"has-text-align-center\">Et m&#8217;emp\u00eaches de tomber dans un pi\u00e8ge<\/p>\n\n\n\n<p class=\"has-text-align-center\">Tu me prends dans tes bras<\/p>\n\n\n\n<p class=\"has-text-align-center\">Quand mon moral est au plus bas<\/p>\n\n\n\n<p class=\"has-text-align-center\">Je t&rsquo;aime maman<\/p>\n\n\n\n<hr class=\"wp-block-separator\"\/>\n\n\n\n<p class=\"has-text-align-center\">Maman de mon enfance<\/p>\n\n\n\n<p class=\"has-text-align-center\">Tu la\u00e7ais mes souliers<\/p>\n\n\n\n<p class=\"has-text-align-center\">Pr\u00e9parais mon go\u00fbter<\/p>\n\n\n\n<p class=\"has-text-align-center\">Me chantais des berceuses<\/p>\n\n\n\n<p class=\"has-text-align-center\">Allumais les veilleuses<\/p>\n\n\n\n<p class=\"has-text-align-center\">Lisais une derni\u00e8re histoire<\/p>\n\n\n\n<p class=\"has-text-align-center\">Avant de dire bonsoir<\/p>\n\n\n\n<hr class=\"wp-block-separator\"\/>\n\n\n\n<p class=\"has-text-align-center\">Je t&rsquo;aime maman<\/p>\n\n\n\n<p class=\"has-text-align-center\">Tu me soutiens et me prot\u00e8ges<\/p>\n\n\n\n<p class=\"has-text-align-center\">Et m&#8217;emp\u00eache de tomber dans un pi\u00e8ge<\/p>\n\n\n\n<p class=\"has-text-align-center\">Tu me prends dans tes bras<\/p>\n\n\n\n<p class=\"has-text-align-center\">Quand mon moral est au plus bas<\/p>\n\n\n\n<p class=\"has-text-align-center\">Je t&rsquo;aime maman<\/p>\n\n\n\n<hr class=\"wp-block-separator\"\/>\n\n\n\n<p class=\"has-text-align-center\">Maman de mon adolescence<\/p>\n\n\n\n<p class=\"has-text-align-center\">Tu es celle \u00e0 qui je me confie<\/p>\n\n\n\n<p class=\"has-text-align-center\">Celle \u00e0 qui je conte mes ennuis<\/p>\n\n\n\n<p class=\"has-text-align-center\">Tu chasses mes cauchemars<\/p>\n\n\n\n<p class=\"has-text-align-center\">Me console quand j&rsquo;ai le cafard<\/p>\n\n\n\n<hr class=\"wp-block-separator\"\/>\n\n\n\n<p class=\"has-text-align-center\">Je t&rsquo;aime maman<\/p>\n\n\n\n<p class=\"has-text-align-center\">Tu me soutiens et me prot\u00e8ges<\/p>\n\n\n\n<p class=\"has-text-align-center\">Et m&#8217;emp\u00eaches de tomber dans un pi\u00e8ge<\/p>\n\n\n\n<p class=\"has-text-align-center\">Tu me prends dans tes bras<\/p>\n\n\n\n<p class=\"has-text-align-center\">Quand mon moral est au plus bas<\/p>\n\n\n\n<p class=\"has-text-align-center\">Je t&rsquo;aime maman<\/p>\n\n\n\n<hr class=\"wp-block-separator\"\/>\n\n\n\n<p class=\"has-text-align-center\">Maman, m\u00eame loin de ta demeure<\/p>\n\n\n\n<p class=\"has-text-align-center\">Tu restes toujours dans mon coeur<\/p>\n\n\n\n<p class=\"has-text-align-center\">Les mots viennent \u00e0 chaque fois<\/p>\n\n\n\n<p class=\"has-text-align-center\">Que je pense \u00e0 toi<\/p>\n\n\n\n<hr class=\"wp-block-separator\"\/>\n\n\n\n<hr class=\"wp-block-separator\"\/>\n\n\n\n<p class=\"has-text-align-center\">Un petit po\u00e8me r\u00e9dig\u00e9 il y a longtemps, \u00e0 l&rsquo;occasion de la f\u00eate des mamans et que j&rsquo;ai envie aujourd&rsquo;hui de partager, parce qu&rsquo;on devrait tous les jours c\u00e9l\u00e9brer celles qui nous ont port\u00e9s.  <\/p>\n","protected":false},"excerpt":{"rendered":"<p>Tu me soutiens et me prot\u00e8ges Et m&#8217;emp\u00eaches de tomber dans un pi\u00e8ge Tu me prends dans tes bras Quand mon moral est au plus bas Je t&rsquo;aime maman Maman de mon enfance Tu la\u00e7ais mes souliers Pr\u00e9parais mon go\u00fbter&#8230; <a class=\"more-link\" href=\"https:\/\/graine-de-loute.ovh\/index.php\/2021\/08\/10\/je-taime-maman\/\">Continue Reading &rarr;<\/a><\/p>\n","protected":false},"author":2,"featured_media":0,"comment_status":"open","ping_status":"open","sticky":false,"template":"","format":"standard","meta":{"advanced_seo_description":"","jetpack_seo_html_title":"","jetpack_seo_noindex":false,"jetpack_post_was_ever_published":false,"_jetpack_newsletter_access":"","_jetpack_dont_email_post_to_subs":false,"_jetpack_newsletter_tier_id":0,"_jetpack_memberships_contains_paywalled_content":false,"_jetpack_memberships_contains_paid_content":false,"footnotes":""},"categories":[20],"tags":[28],"class_list":["post-295","post","type-post","status-publish","format-standard","hentry","category-poesie","tag-mere"],"jetpack_featured_media_url":"","jetpack-related-posts":[],"jetpack_likes_enabled":true,"jetpack_sharing_enabled":true,"jetpack_shortlink":"https:\/\/wp.me\/pdhhZc-4L","_links":{"self":[{"href":"https:\/\/graine-de-loute.ovh\/index.php\/wp-json\/wp\/v2\/posts\/295","targetHints":{"allow":["GET"]}}],"collection":[{"href":"https:\/\/graine-de-loute.ovh\/index.php\/wp-json\/wp\/v2\/posts"}],"about":[{"href":"https:\/\/graine-de-loute.ovh\/index.php\/wp-json\/wp\/v2\/types\/post"}],"author":[{"embeddable":true,"href":"https:\/\/graine-de-loute.ovh\/index.php\/wp-json\/wp\/v2\/users\/2"}],"replies":[{"embeddable":true,"href":"https:\/\/graine-de-loute.ovh\/index.php\/wp-json\/wp\/v2\/comments?post=295"}],"version-history":[{"count":0,"href":"https:\/\/graine-de-loute.ovh\/index.php\/wp-json\/wp\/v2\/posts\/295\/revisions"}],"wp:attachment":[{"href":"https:\/\/graine-de-loute.ovh\/index.php\/wp-json\/wp\/v2\/media?parent=295"}],"wp:term":[{"taxonomy":"category","embeddable":true,"href":"https:\/\/graine-de-loute.ovh\/index.php\/wp-json\/wp\/v2\/categories?post=295"},{"taxonomy":"post_tag","embeddable":true,"href":"https:\/\/graine-de-loute.ovh\/index.php\/wp-json\/wp\/v2\/tags?post=295"}],"curies":[{"name":"wp","href":"https:\/\/api.w.org\/{rel}","templated":true}]}}