{"id":104,"date":"2021-07-29T16:31:59","date_gmt":"2021-07-29T14:31:59","guid":{"rendered":"https:\/\/grainedeloute.wordpress.com\/?p=104"},"modified":"2021-08-05T10:31:49","modified_gmt":"2021-08-05T08:31:49","slug":"la-france-est-divisee","status":"publish","type":"post","link":"https:\/\/graine-de-loute.ovh\/index.php\/2021\/07\/29\/la-france-est-divisee\/","title":{"rendered":"La France est divis\u00e9e!"},"content":{"rendered":"\n<p class=\"has-text-align-center\">France, notre m\u00e8re est divis\u00e9e<\/p>\n\n\n\n<p class=\"has-text-align-center\">France, notre m\u00e8re est partag\u00e9e<\/p>\n\n\n\n<p class=\"has-text-align-center\">France, notre m\u00e8re est d\u00e9chir\u00e9e<\/p>\n\n\n\n<p class=\"has-text-align-center\">Car ses enfants sont oppos\u00e9s<\/p>\n\n\n\n<p class=\"has-text-align-center\">Chacun essaye d&rsquo;imposer<\/p>\n\n\n\n<p class=\"has-text-align-center\">Son opinion et ses pens\u00e9es<\/p>\n\n\n\n<p class=\"has-text-align-center\"><\/p>\n\n\n\n<p class=\"has-text-align-center\">On se querelle, on se rebelle<\/p>\n\n\n\n<p class=\"has-text-align-center\">On moralise, on rivalise<\/p>\n\n\n\n<p class=\"has-text-align-center\">On r\u00e9primande, on s&rsquo;enguirlande<\/p>\n\n\n\n<p class=\"has-text-align-center\"><\/p>\n\n\n\n<p class=\"has-text-align-center\">France, notre m\u00e8re est accabl\u00e9e<\/p>\n\n\n\n<p class=\"has-text-align-center\">France, notre m\u00e8re est afflig\u00e9e<\/p>\n\n\n\n<p class=\"has-text-align-center\">France, notre m\u00e8re est attrist\u00e9e<\/p>\n\n\n\n<p class=\"has-text-align-center\">France, notre m\u00e8re est ext\u00e9nu\u00e9e<\/p>\n\n\n\n<p class=\"has-text-align-center\">Car ses enfants sont r\u00e9volt\u00e9s<\/p>\n\n\n\n<p class=\"has-text-align-center\">Car ses enfants veulent r\u00e9genter<\/p>\n\n\n\n<p class=\"has-text-align-center\"><\/p>\n\n\n\n<p class=\"has-text-align-center\">On se chamaille et on bataille<\/p>\n\n\n\n<p class=\"has-text-align-center\">On se dispute et on discute<\/p>\n\n\n\n<p class=\"has-text-align-center\">On se confronte et s&rsquo;affronte<\/p>\n\n\n\n<p class=\"has-text-align-center\"><\/p>\n\n\n\n<p class=\"has-text-align-center\">France, notre m\u00e8re est contrari\u00e9e<\/p>\n\n\n\n<p class=\"has-text-align-center\">France, notre m\u00e8re est chiffonn\u00e9e<\/p>\n\n\n\n<p class=\"has-text-align-center\">France, notre m\u00e8re est chagrin\u00e9e<\/p>\n\n\n\n<p class=\"has-text-align-center\">France, notre m\u00e8re est \u00e9puis\u00e9e<\/p>\n\n\n\n<p class=\"has-text-align-center\">Car aucun ne veut \u00e9couter<\/p>\n\n\n\n<p class=\"has-text-align-center\">Tous veulent lutter et gagner<\/p>\n\n\n\n<p class=\"has-text-align-center\"><\/p>\n\n\n\n<p class=\"has-text-align-center\">On proteste et on manifeste<\/p>\n\n\n\n<p class=\"has-text-align-center\">On divise et on stigmatise<\/p>\n\n\n\n<p class=\"has-text-align-center\">On encourage, on d\u00e9courage<\/p>\n\n\n\n<p class=\"has-text-align-center\"><\/p>\n\n\n\n<p class=\"has-text-align-center\">France, notre m\u00e8re est tourment\u00e9e<\/p>\n\n\n\n<p class=\"has-text-align-center\">France, notre m\u00e8re est fatigu\u00e9e<\/p>\n\n\n\n<p class=\"has-text-align-center\">France, notre m\u00e8re est alarm\u00e9e<\/p>\n\n\n\n<p class=\"has-text-align-center\">France, notre m\u00e8re est atterr\u00e9e<\/p>\n\n\n\n<p class=\"has-text-align-center\">France, notre m\u00e8re est constern\u00e9e<\/p>\n\n\n\n<p class=\"has-text-align-center\">France, notre m\u00e8re est \u00e9plor\u00e9e<\/p>\n\n\n\n<p class=\"has-text-align-center\"><\/p>\n\n\n\n<p class=\"has-text-align-center\">Adieu l&rsquo;\u00e9galit\u00e9, adieu fraternit\u00e9<\/p>\n\n\n\n<p class=\"has-text-align-center\">Adieu libert\u00e9s de penser et s&rsquo;exprimer<\/p>\n\n\n\n<p class=\"has-text-align-center\">Puisqu&rsquo;on refuse de comprendre et s&rsquo;\u00e9couter<\/p>\n","protected":false},"excerpt":{"rendered":"<p>France, notre m\u00e8re est divis\u00e9e France, notre m\u00e8re est partag\u00e9e France, notre m\u00e8re est d\u00e9chir\u00e9e Car ses enfants sont oppos\u00e9s Chacun essaye d&rsquo;imposer Son opinion et ses pens\u00e9es On se querelle, on se rebelle On moralise, on rivalise On r\u00e9primande,&#8230; <a class=\"more-link\" href=\"https:\/\/graine-de-loute.ovh\/index.php\/2021\/07\/29\/la-france-est-divisee\/\">Continue Reading &rarr;<\/a><\/p>\n","protected":false},"author":2,"featured_media":0,"comment_status":"open","ping_status":"open","sticky":false,"template":"","format":"standard","meta":{"advanced_seo_description":"","jetpack_seo_html_title":"","jetpack_seo_noindex":false,"jetpack_post_was_ever_published":false,"_jetpack_newsletter_access":"","_jetpack_dont_email_post_to_subs":false,"_jetpack_newsletter_tier_id":0,"_jetpack_memberships_contains_paywalled_content":false,"_jetpack_memberships_contains_paid_content":false,"footnotes":""},"categories":[20],"tags":[5,7,18],"class_list":["post-104","post","type-post","status-publish","format-standard","hentry","category-poesie","tag-division","tag-france","tag-tristesse"],"jetpack_featured_media_url":"","jetpack-related-posts":[],"jetpack_likes_enabled":true,"jetpack_sharing_enabled":true,"jetpack_shortlink":"https:\/\/wp.me\/pdhhZc-1G","_links":{"self":[{"href":"https:\/\/graine-de-loute.ovh\/index.php\/wp-json\/wp\/v2\/posts\/104","targetHints":{"allow":["GET"]}}],"collection":[{"href":"https:\/\/graine-de-loute.ovh\/index.php\/wp-json\/wp\/v2\/posts"}],"about":[{"href":"https:\/\/graine-de-loute.ovh\/index.php\/wp-json\/wp\/v2\/types\/post"}],"author":[{"embeddable":true,"href":"https:\/\/graine-de-loute.ovh\/index.php\/wp-json\/wp\/v2\/users\/2"}],"replies":[{"embeddable":true,"href":"https:\/\/graine-de-loute.ovh\/index.php\/wp-json\/wp\/v2\/comments?post=104"}],"version-history":[{"count":0,"href":"https:\/\/graine-de-loute.ovh\/index.php\/wp-json\/wp\/v2\/posts\/104\/revisions"}],"wp:attachment":[{"href":"https:\/\/graine-de-loute.ovh\/index.php\/wp-json\/wp\/v2\/media?parent=104"}],"wp:term":[{"taxonomy":"category","embeddable":true,"href":"https:\/\/graine-de-loute.ovh\/index.php\/wp-json\/wp\/v2\/categories?post=104"},{"taxonomy":"post_tag","embeddable":true,"href":"https:\/\/graine-de-loute.ovh\/index.php\/wp-json\/wp\/v2\/tags?post=104"}],"curies":[{"name":"wp","href":"https:\/\/api.w.org\/{rel}","templated":true}]}}